{"id":835,"date":"2020-06-16T09:56:23","date_gmt":"2020-06-16T07:56:23","guid":{"rendered":"https:\/\/www.letimbreclassique.com\/unsere-herbstauktion-in-genf-beinhaltet-die-swiss-special-sammlung\/"},"modified":"2020-06-18T08:05:48","modified_gmt":"2020-06-18T06:05:48","slug":"unsere-herbstauktion-in-genf-beinhaltet-die-swiss-special-sammlung","status":"publish","type":"post","link":"https:\/\/www.letimbreclassique.com\/de\/unsere-herbstauktion-in-genf-beinhaltet-die-swiss-special-sammlung\/","title":{"rendered":"Unsere Herbstauktion beinhaltet die &#8222;Swiss Special&#8220;- Sammlung."},"content":{"rendered":"\n[et_pb_section fb_built=&#8220;1&#8243; _builder_version=&#8220;4.4.4&#8243; custom_padding=&#8220;2px|||||&#8220;][et_pb_row _builder_version=&#8220;4.4.4&#8243;][et_pb_column type=&#8220;4_4&#8243; _builder_version=&#8220;4.4.4&#8243;][et_pb_post_title meta=&#8220;off&#8220; featured_image=&#8220;off&#8220; _builder_version=&#8220;4.4.4&#8243; hover_enabled=&#8220;0&#8243; custom_padding=&#8220;||40px||false|false&#8220;][\/et_pb_post_title][et_pb_image src=&#8220;https:\/\/www.letimbreclassique.com\/wp-content\/uploads\/2020\/05\/Photo-6-de-Zurich.png&#8220; title_text=&#8220;Photo 6 de Zurich&#8220; align=&#8220;center&#8220; _builder_version=&#8220;4.4.4&#8243;][\/et_pb_image][et_pb_text _builder_version=&#8220;4.4.4&#8243;]<p> Es ist uns eine Ehre, den Verkauf der \u201eSwiss Special\u201c anzuk\u00fcndigen: Eine Ausstellungssammlung, mit Einschreibebriefe aus der Zeit der Schweizer Klassik beinhaltet, f\u00fcr unsere Herbstauktion. Besonders erw\u00e4hnenswert ist ein sehr seltener Einschreibesendung aus Z\u00fcrich mit 1843 6Rp. Marke, welches am 25. Juni 1847 von Z\u00fcrich aus nach Meilen verschickt wurde. Hervorragend gerahmt \u201eRECOMMANDIRT\u201c Abstempelung daneben. Der Einschreibeporto, der 10 Rappen betrug, wurde am Schalter bar bezahlt.<\/p>\r\n<p> Nur 6 Einschreibesendungen mit einer Z\u00fcrich 6 sind bekannt, nur 3 mit roter Abstempelung \u201eRECOMMANDIRT\u201c; Die Abstempelung \u201eN: Abg\u201c (nach Abgang) ist auch selten und es existieren von ihnen nur 12 Exemplare auf Z\u00fcrich 6 Briefumschl\u00e4gen. <\/p>\r\n<p> Dieses St\u00fcck ist im Buch \u201eSCHWEIZ \/ KANTONALMARKEN\u201c (2014) von Richard Sch\u00e4fer auf Seite 74 abgebildet. <\/p>\r\n<p> Provenienz: Sammlung Iwan Bally<\/p>\r\n<p>&nbsp;<\/p>[\/et_pb_text][\/et_pb_column][\/et_pb_row][\/et_pb_section]\n","protected":false},"excerpt":{"rendered":"<p>Es ist uns eine Ehre, den Verkauf der \u201eSwiss Special\u201c anzuk\u00fcndigen: Eine Ausstellungssammlung, mit Einschreibebriefe aus der Zeit der Schweizer Klassik beinhaltet, f\u00fcr unsere Herbstauktion. Besonders erw\u00e4hnenswert ist ein sehr seltener Einschreibesendung aus Z\u00fcrich mit 1843 6Rp. Marke, welches am 25. Juni 1847 von Z\u00fcrich aus nach Meilen verschickt wurde. Hervorragend gerahmt \u201eRECOMMANDIRT\u201c Abstempelung daneben. [&hellip;]<\/p>\n","protected":false},"author":1,"featured_media":681,"comment_status":"open","ping_status":"closed","sticky":false,"template":"","format":"standard","meta":{"_et_pb_use_builder":"on","_et_pb_old_content":"","_et_gb_content_width":"","footnotes":""},"categories":[1],"tags":[],"class_list":["post-835","post","type-post","status-publish","format-standard","has-post-thumbnail","hentry","category-non-classifiee"],"yoast_head":"<!-- This site is optimized with the Yoast SEO plugin v27.5 - https:\/\/yoast.com\/product\/yoast-seo-wordpress\/ -->\n<title>Unsere Herbstauktion beinhaltet die &quot;Swiss Special&quot;- Sammlung. - Le Timbre Classique<\/title>\n<meta name=\"robots\" content=\"index, follow, max-snippet:-1, max-image-preview:large, max-video-preview:-1\" \/>\n<link rel=\"canonical\" href=\"https:\/\/www.letimbreclassique.com\/de\/unsere-herbstauktion-in-genf-beinhaltet-die-swiss-special-sammlung\/\" \/>\n<meta property=\"og:locale\" content=\"de_DE\" \/>\n<meta property=\"og:type\" content=\"article\" \/>\n<meta property=\"og:title\" content=\"Unsere Herbstauktion beinhaltet die &quot;Swiss Special&quot;- Sammlung. - Le Timbre Classique\" \/>\n<meta property=\"og:description\" content=\"Es ist uns eine Ehre, den Verkauf der \u201eSwiss Special\u201c anzuk\u00fcndigen: Eine Ausstellungssammlung, mit Einschreibebriefe aus der Zeit der Schweizer Klassik beinhaltet, f\u00fcr unsere Herbstauktion. Besonders erw\u00e4hnenswert ist ein sehr seltener Einschreibesendung aus Z\u00fcrich mit 1843 6Rp. Marke, welches am 25. Juni 1847 von Z\u00fcrich aus nach Meilen verschickt wurde. Hervorragend gerahmt \u201eRECOMMANDIRT\u201c Abstempelung daneben. [&hellip;]\" \/>\n<meta property=\"og:url\" content=\"https:\/\/www.letimbreclassique.com\/de\/unsere-herbstauktion-in-genf-beinhaltet-die-swiss-special-sammlung\/\" \/>\n<meta property=\"og:site_name\" content=\"Le Timbre Classique\" \/>\n<meta property=\"article:publisher\" content=\"https:\/\/www.linkedin.com\/company\/le-timbre-classique-sa\" \/>\n<meta property=\"article:published_time\" content=\"2020-06-16T07:56:23+00:00\" \/>\n<meta property=\"article:modified_time\" content=\"2020-06-18T06:05:48+00:00\" \/>\n<meta property=\"og:image\" content=\"https:\/\/www.letimbreclassique.com\/wp-content\/uploads\/2020\/05\/Photo-6-de-Zurich.png\" \/>\n\t<meta property=\"og:image:width\" content=\"741\" \/>\n\t<meta property=\"og:image:height\" content=\"471\" \/>\n\t<meta property=\"og:image:type\" content=\"image\/png\" \/>\n<meta name=\"author\" content=\"romain\" \/>\n<meta name=\"twitter:card\" content=\"summary_large_image\" \/>\n<meta name=\"twitter:label1\" content=\"Verfasst von\" \/>\n\t<meta name=\"twitter:data1\" content=\"romain\" \/>\n\t<meta name=\"twitter:label2\" content=\"Gesch\u00e4tzte Lesezeit\" \/>\n\t<meta name=\"twitter:data2\" content=\"1\u00a0Minute\" \/>\n<script type=\"application\/ld+json\" class=\"yoast-schema-graph\">{\"@context\":\"https:\\\/\\\/schema.org\",\"@graph\":[{\"@type\":\"Article\",\"@id\":\"https:\\\/\\\/www.letimbreclassique.com\\\/de\\\/unsere-herbstauktion-in-genf-beinhaltet-die-swiss-special-sammlung\\\/#article\",\"isPartOf\":{\"@id\":\"https:\\\/\\\/www.letimbreclassique.com\\\/de\\\/unsere-herbstauktion-in-genf-beinhaltet-die-swiss-special-sammlung\\\/\"},\"author\":{\"name\":\"romain\",\"@id\":\"https:\\\/\\\/www.letimbreclassique.com\\\/de\\\/#\\\/schema\\\/person\\\/8d956529b9707b2f29acb545b1440d42\"},\"headline\":\"Unsere Herbstauktion beinhaltet die &#8222;Swiss Special&#8220;- Sammlung.\",\"datePublished\":\"2020-06-16T07:56:23+00:00\",\"dateModified\":\"2020-06-18T06:05:48+00:00\",\"mainEntityOfPage\":{\"@id\":\"https:\\\/\\\/www.letimbreclassique.com\\\/de\\\/unsere-herbstauktion-in-genf-beinhaltet-die-swiss-special-sammlung\\\/\"},\"wordCount\":214,\"commentCount\":0,\"publisher\":{\"@id\":\"https:\\\/\\\/www.letimbreclassique.com\\\/de\\\/#organization\"},\"image\":{\"@id\":\"https:\\\/\\\/www.letimbreclassique.com\\\/de\\\/unsere-herbstauktion-in-genf-beinhaltet-die-swiss-special-sammlung\\\/#primaryimage\"},\"thumbnailUrl\":\"https:\\\/\\\/www.letimbreclassique.com\\\/wp-content\\\/uploads\\\/2020\\\/05\\\/Photo-6-de-Zurich.png\",\"articleSection\":[\"Non classifi\u00e9(e)\"],\"inLanguage\":\"de\",\"potentialAction\":[{\"@type\":\"CommentAction\",\"name\":\"Comment\",\"target\":[\"https:\\\/\\\/www.letimbreclassique.com\\\/de\\\/unsere-herbstauktion-in-genf-beinhaltet-die-swiss-special-sammlung\\\/#respond\"]}]},{\"@type\":\"WebPage\",\"@id\":\"https:\\\/\\\/www.letimbreclassique.com\\\/de\\\/unsere-herbstauktion-in-genf-beinhaltet-die-swiss-special-sammlung\\\/\",\"url\":\"https:\\\/\\\/www.letimbreclassique.com\\\/de\\\/unsere-herbstauktion-in-genf-beinhaltet-die-swiss-special-sammlung\\\/\",\"name\":\"Unsere Herbstauktion beinhaltet die \\\"Swiss Special\\\"- Sammlung. - Le Timbre Classique\",\"isPartOf\":{\"@id\":\"https:\\\/\\\/www.letimbreclassique.com\\\/de\\\/#website\"},\"primaryImageOfPage\":{\"@id\":\"https:\\\/\\\/www.letimbreclassique.com\\\/de\\\/unsere-herbstauktion-in-genf-beinhaltet-die-swiss-special-sammlung\\\/#primaryimage\"},\"image\":{\"@id\":\"https:\\\/\\\/www.letimbreclassique.com\\\/de\\\/unsere-herbstauktion-in-genf-beinhaltet-die-swiss-special-sammlung\\\/#primaryimage\"},\"thumbnailUrl\":\"https:\\\/\\\/www.letimbreclassique.com\\\/wp-content\\\/uploads\\\/2020\\\/05\\\/Photo-6-de-Zurich.png\",\"datePublished\":\"2020-06-16T07:56:23+00:00\",\"dateModified\":\"2020-06-18T06:05:48+00:00\",\"breadcrumb\":{\"@id\":\"https:\\\/\\\/www.letimbreclassique.com\\\/de\\\/unsere-herbstauktion-in-genf-beinhaltet-die-swiss-special-sammlung\\\/#breadcrumb\"},\"inLanguage\":\"de\",\"potentialAction\":[{\"@type\":\"ReadAction\",\"target\":[\"https:\\\/\\\/www.letimbreclassique.com\\\/de\\\/unsere-herbstauktion-in-genf-beinhaltet-die-swiss-special-sammlung\\\/\"]}]},{\"@type\":\"ImageObject\",\"inLanguage\":\"de\",\"@id\":\"https:\\\/\\\/www.letimbreclassique.com\\\/de\\\/unsere-herbstauktion-in-genf-beinhaltet-die-swiss-special-sammlung\\\/#primaryimage\",\"url\":\"https:\\\/\\\/www.letimbreclassique.com\\\/wp-content\\\/uploads\\\/2020\\\/05\\\/Photo-6-de-Zurich.png\",\"contentUrl\":\"https:\\\/\\\/www.letimbreclassique.com\\\/wp-content\\\/uploads\\\/2020\\\/05\\\/Photo-6-de-Zurich.png\",\"width\":741,\"height\":471},{\"@type\":\"BreadcrumbList\",\"@id\":\"https:\\\/\\\/www.letimbreclassique.com\\\/de\\\/unsere-herbstauktion-in-genf-beinhaltet-die-swiss-special-sammlung\\\/#breadcrumb\",\"itemListElement\":[{\"@type\":\"ListItem\",\"position\":1,\"name\":\"Accueil\",\"item\":\"https:\\\/\\\/www.letimbreclassique.com\\\/de\\\/kaufen\\\/\"},{\"@type\":\"ListItem\",\"position\":2,\"name\":\"Unsere Herbstauktion beinhaltet die &#8222;Swiss Special&#8220;- Sammlung.\"}]},{\"@type\":\"WebSite\",\"@id\":\"https:\\\/\\\/www.letimbreclassique.com\\\/de\\\/#website\",\"url\":\"https:\\\/\\\/www.letimbreclassique.com\\\/de\\\/\",\"name\":\"Le Timbre Classique\",\"description\":\"Briefmarkenexpertise\",\"publisher\":{\"@id\":\"https:\\\/\\\/www.letimbreclassique.com\\\/de\\\/#organization\"},\"potentialAction\":[{\"@type\":\"SearchAction\",\"target\":{\"@type\":\"EntryPoint\",\"urlTemplate\":\"https:\\\/\\\/www.letimbreclassique.com\\\/de\\\/?s={search_term_string}\"},\"query-input\":{\"@type\":\"PropertyValueSpecification\",\"valueRequired\":true,\"valueName\":\"search_term_string\"}}],\"inLanguage\":\"de\"},{\"@type\":\"Organization\",\"@id\":\"https:\\\/\\\/www.letimbreclassique.com\\\/de\\\/#organization\",\"name\":\"Le Timbre classique\",\"url\":\"https:\\\/\\\/www.letimbreclassique.com\\\/de\\\/\",\"logo\":{\"@type\":\"ImageObject\",\"inLanguage\":\"de\",\"@id\":\"https:\\\/\\\/www.letimbreclassique.com\\\/de\\\/#\\\/schema\\\/logo\\\/image\\\/\",\"url\":\"https:\\\/\\\/www.letimbreclassique.com\\\/wp-content\\\/uploads\\\/2021\\\/07\\\/Logo_LTC-1.png\",\"contentUrl\":\"https:\\\/\\\/www.letimbreclassique.com\\\/wp-content\\\/uploads\\\/2021\\\/07\\\/Logo_LTC-1.png\",\"width\":885,\"height\":88,\"caption\":\"Le Timbre classique\"},\"image\":{\"@id\":\"https:\\\/\\\/www.letimbreclassique.com\\\/de\\\/#\\\/schema\\\/logo\\\/image\\\/\"},\"sameAs\":[\"https:\\\/\\\/www.linkedin.com\\\/company\\\/le-timbre-classique-sa\"]},{\"@type\":\"Person\",\"@id\":\"https:\\\/\\\/www.letimbreclassique.com\\\/de\\\/#\\\/schema\\\/person\\\/8d956529b9707b2f29acb545b1440d42\",\"name\":\"romain\",\"image\":{\"@type\":\"ImageObject\",\"inLanguage\":\"de\",\"@id\":\"https:\\\/\\\/secure.gravatar.com\\\/avatar\\\/073bae7ed3cc1bd0ddfdeef184a2913f143614314024636858c3dc3b4414578d?s=96&d=mm&r=g\",\"url\":\"https:\\\/\\\/secure.gravatar.com\\\/avatar\\\/073bae7ed3cc1bd0ddfdeef184a2913f143614314024636858c3dc3b4414578d?s=96&d=mm&r=g\",\"contentUrl\":\"https:\\\/\\\/secure.gravatar.com\\\/avatar\\\/073bae7ed3cc1bd0ddfdeef184a2913f143614314024636858c3dc3b4414578d?s=96&d=mm&r=g\",\"caption\":\"romain\"},\"sameAs\":[\"https:\\\/\\\/www.letimbreclassique.com\"],\"url\":\"https:\\\/\\\/www.letimbreclassique.com\\\/de\\\/author\\\/romain\\\/\"}]}<\/script>\n<!-- \/ Yoast SEO plugin. -->","yoast_head_json":{"title":"Unsere Herbstauktion beinhaltet die \"Swiss Special\"- Sammlung. - Le Timbre Classique","robots":{"index":"index","follow":"follow","max-snippet":"max-snippet:-1","max-image-preview":"max-image-preview:large","max-video-preview":"max-video-preview:-1"},"canonical":"https:\/\/www.letimbreclassique.com\/de\/unsere-herbstauktion-in-genf-beinhaltet-die-swiss-special-sammlung\/","og_locale":"de_DE","og_type":"article","og_title":"Unsere Herbstauktion beinhaltet die \"Swiss Special\"- Sammlung. - Le Timbre Classique","og_description":"Es ist uns eine Ehre, den Verkauf der \u201eSwiss Special\u201c anzuk\u00fcndigen: Eine Ausstellungssammlung, mit Einschreibebriefe aus der Zeit der Schweizer Klassik beinhaltet, f\u00fcr unsere Herbstauktion. Besonders erw\u00e4hnenswert ist ein sehr seltener Einschreibesendung aus Z\u00fcrich mit 1843 6Rp. Marke, welches am 25. Juni 1847 von Z\u00fcrich aus nach Meilen verschickt wurde. Hervorragend gerahmt \u201eRECOMMANDIRT\u201c Abstempelung daneben. [&hellip;]","og_url":"https:\/\/www.letimbreclassique.com\/de\/unsere-herbstauktion-in-genf-beinhaltet-die-swiss-special-sammlung\/","og_site_name":"Le Timbre Classique","article_publisher":"https:\/\/www.linkedin.com\/company\/le-timbre-classique-sa","article_published_time":"2020-06-16T07:56:23+00:00","article_modified_time":"2020-06-18T06:05:48+00:00","og_image":[{"width":741,"height":471,"url":"https:\/\/www.letimbreclassique.com\/wp-content\/uploads\/2020\/05\/Photo-6-de-Zurich.png","type":"image\/png"}],"author":"romain","twitter_card":"summary_large_image","twitter_misc":{"Verfasst von":"romain","Gesch\u00e4tzte Lesezeit":"1\u00a0Minute"},"schema":{"@context":"https:\/\/schema.org","@graph":[{"@type":"Article","@id":"https:\/\/www.letimbreclassique.com\/de\/unsere-herbstauktion-in-genf-beinhaltet-die-swiss-special-sammlung\/#article","isPartOf":{"@id":"https:\/\/www.letimbreclassique.com\/de\/unsere-herbstauktion-in-genf-beinhaltet-die-swiss-special-sammlung\/"},"author":{"name":"romain","@id":"https:\/\/www.letimbreclassique.com\/de\/#\/schema\/person\/8d956529b9707b2f29acb545b1440d42"},"headline":"Unsere Herbstauktion beinhaltet die &#8222;Swiss Special&#8220;- Sammlung.","datePublished":"2020-06-16T07:56:23+00:00","dateModified":"2020-06-18T06:05:48+00:00","mainEntityOfPage":{"@id":"https:\/\/www.letimbreclassique.com\/de\/unsere-herbstauktion-in-genf-beinhaltet-die-swiss-special-sammlung\/"},"wordCount":214,"commentCount":0,"publisher":{"@id":"https:\/\/www.letimbreclassique.com\/de\/#organization"},"image":{"@id":"https:\/\/www.letimbreclassique.com\/de\/unsere-herbstauktion-in-genf-beinhaltet-die-swiss-special-sammlung\/#primaryimage"},"thumbnailUrl":"https:\/\/www.letimbreclassique.com\/wp-content\/uploads\/2020\/05\/Photo-6-de-Zurich.png","articleSection":["Non classifi\u00e9(e)"],"inLanguage":"de","potentialAction":[{"@type":"CommentAction","name":"Comment","target":["https:\/\/www.letimbreclassique.com\/de\/unsere-herbstauktion-in-genf-beinhaltet-die-swiss-special-sammlung\/#respond"]}]},{"@type":"WebPage","@id":"https:\/\/www.letimbreclassique.com\/de\/unsere-herbstauktion-in-genf-beinhaltet-die-swiss-special-sammlung\/","url":"https:\/\/www.letimbreclassique.com\/de\/unsere-herbstauktion-in-genf-beinhaltet-die-swiss-special-sammlung\/","name":"Unsere Herbstauktion beinhaltet die \"Swiss Special\"- Sammlung. - Le Timbre Classique","isPartOf":{"@id":"https:\/\/www.letimbreclassique.com\/de\/#website"},"primaryImageOfPage":{"@id":"https:\/\/www.letimbreclassique.com\/de\/unsere-herbstauktion-in-genf-beinhaltet-die-swiss-special-sammlung\/#primaryimage"},"image":{"@id":"https:\/\/www.letimbreclassique.com\/de\/unsere-herbstauktion-in-genf-beinhaltet-die-swiss-special-sammlung\/#primaryimage"},"thumbnailUrl":"https:\/\/www.letimbreclassique.com\/wp-content\/uploads\/2020\/05\/Photo-6-de-Zurich.png","datePublished":"2020-06-16T07:56:23+00:00","dateModified":"2020-06-18T06:05:48+00:00","breadcrumb":{"@id":"https:\/\/www.letimbreclassique.com\/de\/unsere-herbstauktion-in-genf-beinhaltet-die-swiss-special-sammlung\/#breadcrumb"},"inLanguage":"de","potentialAction":[{"@type":"ReadAction","target":["https:\/\/www.letimbreclassique.com\/de\/unsere-herbstauktion-in-genf-beinhaltet-die-swiss-special-sammlung\/"]}]},{"@type":"ImageObject","inLanguage":"de","@id":"https:\/\/www.letimbreclassique.com\/de\/unsere-herbstauktion-in-genf-beinhaltet-die-swiss-special-sammlung\/#primaryimage","url":"https:\/\/www.letimbreclassique.com\/wp-content\/uploads\/2020\/05\/Photo-6-de-Zurich.png","contentUrl":"https:\/\/www.letimbreclassique.com\/wp-content\/uploads\/2020\/05\/Photo-6-de-Zurich.png","width":741,"height":471},{"@type":"BreadcrumbList","@id":"https:\/\/www.letimbreclassique.com\/de\/unsere-herbstauktion-in-genf-beinhaltet-die-swiss-special-sammlung\/#breadcrumb","itemListElement":[{"@type":"ListItem","position":1,"name":"Accueil","item":"https:\/\/www.letimbreclassique.com\/de\/kaufen\/"},{"@type":"ListItem","position":2,"name":"Unsere Herbstauktion beinhaltet die &#8222;Swiss Special&#8220;- Sammlung."}]},{"@type":"WebSite","@id":"https:\/\/www.letimbreclassique.com\/de\/#website","url":"https:\/\/www.letimbreclassique.com\/de\/","name":"Le Timbre Classique","description":"Briefmarkenexpertise","publisher":{"@id":"https:\/\/www.letimbreclassique.com\/de\/#organization"},"potentialAction":[{"@type":"SearchAction","target":{"@type":"EntryPoint","urlTemplate":"https:\/\/www.letimbreclassique.com\/de\/?s={search_term_string}"},"query-input":{"@type":"PropertyValueSpecification","valueRequired":true,"valueName":"search_term_string"}}],"inLanguage":"de"},{"@type":"Organization","@id":"https:\/\/www.letimbreclassique.com\/de\/#organization","name":"Le Timbre classique","url":"https:\/\/www.letimbreclassique.com\/de\/","logo":{"@type":"ImageObject","inLanguage":"de","@id":"https:\/\/www.letimbreclassique.com\/de\/#\/schema\/logo\/image\/","url":"https:\/\/www.letimbreclassique.com\/wp-content\/uploads\/2021\/07\/Logo_LTC-1.png","contentUrl":"https:\/\/www.letimbreclassique.com\/wp-content\/uploads\/2021\/07\/Logo_LTC-1.png","width":885,"height":88,"caption":"Le Timbre classique"},"image":{"@id":"https:\/\/www.letimbreclassique.com\/de\/#\/schema\/logo\/image\/"},"sameAs":["https:\/\/www.linkedin.com\/company\/le-timbre-classique-sa"]},{"@type":"Person","@id":"https:\/\/www.letimbreclassique.com\/de\/#\/schema\/person\/8d956529b9707b2f29acb545b1440d42","name":"romain","image":{"@type":"ImageObject","inLanguage":"de","@id":"https:\/\/secure.gravatar.com\/avatar\/073bae7ed3cc1bd0ddfdeef184a2913f143614314024636858c3dc3b4414578d?s=96&d=mm&r=g","url":"https:\/\/secure.gravatar.com\/avatar\/073bae7ed3cc1bd0ddfdeef184a2913f143614314024636858c3dc3b4414578d?s=96&d=mm&r=g","contentUrl":"https:\/\/secure.gravatar.com\/avatar\/073bae7ed3cc1bd0ddfdeef184a2913f143614314024636858c3dc3b4414578d?s=96&d=mm&r=g","caption":"romain"},"sameAs":["https:\/\/www.letimbreclassique.com"],"url":"https:\/\/www.letimbreclassique.com\/de\/author\/romain\/"}]}},"_links":{"self":[{"href":"https:\/\/www.letimbreclassique.com\/de\/wp-json\/wp\/v2\/posts\/835","targetHints":{"allow":["GET"]}}],"collection":[{"href":"https:\/\/www.letimbreclassique.com\/de\/wp-json\/wp\/v2\/posts"}],"about":[{"href":"https:\/\/www.letimbreclassique.com\/de\/wp-json\/wp\/v2\/types\/post"}],"author":[{"embeddable":true,"href":"https:\/\/www.letimbreclassique.com\/de\/wp-json\/wp\/v2\/users\/1"}],"replies":[{"embeddable":true,"href":"https:\/\/www.letimbreclassique.com\/de\/wp-json\/wp\/v2\/comments?post=835"}],"version-history":[{"count":4,"href":"https:\/\/www.letimbreclassique.com\/de\/wp-json\/wp\/v2\/posts\/835\/revisions"}],"predecessor-version":[{"id":1029,"href":"https:\/\/www.letimbreclassique.com\/de\/wp-json\/wp\/v2\/posts\/835\/revisions\/1029"}],"wp:featuredmedia":[{"embeddable":true,"href":"https:\/\/www.letimbreclassique.com\/de\/wp-json\/wp\/v2\/media\/681"}],"wp:attachment":[{"href":"https:\/\/www.letimbreclassique.com\/de\/wp-json\/wp\/v2\/media?parent=835"}],"wp:term":[{"taxonomy":"category","embeddable":true,"href":"https:\/\/www.letimbreclassique.com\/de\/wp-json\/wp\/v2\/categories?post=835"},{"taxonomy":"post_tag","embeddable":true,"href":"https:\/\/www.letimbreclassique.com\/de\/wp-json\/wp\/v2\/tags?post=835"}],"curies":[{"name":"wp","href":"https:\/\/api.w.org\/{rel}","templated":true}]}}