{"id":2270,"date":"2021-05-11T11:57:04","date_gmt":"2021-05-11T09:57:04","guid":{"rendered":"https:\/\/www.letimbreclassique.com\/vente-aux-encheres-de-printemps-a-geneve\/"},"modified":"2021-05-11T11:57:04","modified_gmt":"2021-05-11T09:57:04","slug":"vente-aux-encheres-de-printemps-a-geneve","status":"publish","type":"post","link":"https:\/\/www.letimbreclassique.com\/de\/vente-aux-encheres-de-printemps-a-geneve\/","title":{"rendered":"Vente aux ench\u00e8res de printemps \u00e0 Gen\u00e8ve"},"content":{"rendered":"\n[et_pb_section fb_built=&#8220;1&#8243; _builder_version=&#8220;4.4.4&#8243; custom_padding=&#8220;2px|||||&#8220;][et_pb_row _builder_version=&#8220;4.4.4&#8243;][et_pb_column type=&#8220;4_4&#8243; _builder_version=&#8220;4.4.4&#8243;][et_pb_post_title meta=&#8220;off&#8220; featured_image=&#8220;off&#8220; _builder_version=&#8220;4.4.4&#8243; custom_padding=&#8220;||40px||false|false&#8220;][\/et_pb_post_title][et_pb_image src=&#8220;https:\/\/www.letimbreclassique.com\/wp-content\/uploads\/2021\/05\/Lot4.jpg&#8220; title_text=&#8220;Lot4&#8243; align=&#8220;center&#8220; _builder_version=&#8220;4.4.8&#8243;][\/et_pb_image][et_pb_text _builder_version=&#8220;4.4.8&#8243; hover_enabled=&#8220;0&#8243;]<p><span>Les 27 et 28 mai aura lieu \u00e0 l\u2019h\u00f4tel Warwick \u00e0 Gen\u00e8ve, notre vente aux ench\u00e8res n\u00b0 2. Cette offre de printemps est constitu\u00e9e principalement de deux collections sp\u00e9cialis\u00e9es ; d\u2019une part la collection de France classique \u00ab Arcachon \u00bb et d\u2019autre part une collection th\u00e9matique tr\u00e8s sp\u00e9cialis\u00e9e sur le th\u00e8me de Christophe Colomb et autres explorateurs. <\/span><\/p>\r\n<p><span>Les timbres et lettres de France comprennent de nombreuses raret\u00e9s, souvent d\u2019une qualit\u00e9 ex\u00adceptionnelle. <\/span><\/p>\r\n<p><span>\u00c0 noter tout particuli\u00e8rement une magnifique paire neuve du 15c vert de la premi\u00e8re \u00e9mission C\u00e9r\u00e8s, une rare paire du 1F vermillon, et une autre paire rarissime : le 10c Pr\u00e9sidence \u00e0 l\u2019\u00e9tat neuf. Les \u00e9missions ult\u00e9rieures ne sont pas en reste avec l\u2019unique 4c Empire en bande de cinq neuve montrant le timbre du milieu t\u00eate-b\u00eache. Le XX<\/span><sup>\u00e8me <\/sup><span>si\u00e8cle est bien repr\u00e9sent\u00e9 avec de nom\u00adbreuses sp\u00e9cialit\u00e9s comme des non \u00e9mis, des carnets rares, des mill\u00e9simes, des roulettes, un tr\u00e8s bel ensemble de blocs sp\u00e9ciaux, etc. <\/span><\/p>\r\n<p><span>La partie Monde vous permettra de d\u00e9couvrir beaucoup de pi\u00e8ces hors du commun avec notam\u00adment des essais et \u00e9preuves souvent uniques. D\u2019autres particularit\u00e9s comprennent des centres ren\u00advers\u00e9s (dont le fameux timbre avec \u00ab Colomb \u00bb des \u00c9tats-Unis de 1869), des timbres neufs de valeur, des lots de lettres et autres albums. Le catalogue peut-\u00eatre consult\u00e9 en format pdf sur le site ou la version papier peut \u00eatre envoy\u00e9e sur simple demande.<\/span><\/p>\r\n<p>&nbsp;<\/p>\n[\/et_pb_text][\/et_pb_column][\/et_pb_row][\/et_pb_section]\n","protected":false},"excerpt":{"rendered":"<p>Les 27 et 28 mai aura lieu \u00e0 l\u2019h\u00f4tel Warwick \u00e0 Gen\u00e8ve, notre vente aux ench\u00e8res n\u00b0 2. Cette offre de printemps est constitu\u00e9e principalement de deux collections sp\u00e9cialis\u00e9es ; d\u2019une part la collection de France classique \u00ab Arcachon \u00bb et d\u2019autre part une collection th\u00e9matique tr\u00e8s sp\u00e9cialis\u00e9e sur le th\u00e8me de Christophe Colomb et [&hellip;]<\/p>\n","protected":false},"author":2,"featured_media":2259,"comment_status":"open","ping_status":"closed","sticky":false,"template":"","format":"standard","meta":{"_et_pb_use_builder":"on","_et_pb_old_content":"","_et_gb_content_width":"","footnotes":""},"categories":[10],"tags":[],"class_list":["post-2270","post","type-post","status-publish","format-standard","has-post-thumbnail","hentry","category-unkategorisiert"],"yoast_head":"<!-- This site is optimized with the Yoast SEO plugin v27.5 - https:\/\/yoast.com\/product\/yoast-seo-wordpress\/ -->\n<title>Vente aux ench\u00e8res de printemps \u00e0 Gen\u00e8ve - Le Timbre Classique<\/title>\n<meta name=\"robots\" content=\"index, follow, max-snippet:-1, max-image-preview:large, max-video-preview:-1\" \/>\n<link rel=\"canonical\" href=\"https:\/\/www.letimbreclassique.com\/de\/vente-aux-encheres-de-printemps-a-geneve\/\" \/>\n<meta property=\"og:locale\" content=\"de_DE\" \/>\n<meta property=\"og:type\" content=\"article\" \/>\n<meta property=\"og:title\" content=\"Vente aux ench\u00e8res de printemps \u00e0 Gen\u00e8ve - Le Timbre Classique\" \/>\n<meta property=\"og:description\" content=\"Les 27 et 28 mai aura lieu \u00e0 l\u2019h\u00f4tel Warwick \u00e0 Gen\u00e8ve, notre vente aux ench\u00e8res n\u00b0 2. Cette offre de printemps est constitu\u00e9e principalement de deux collections sp\u00e9cialis\u00e9es ; d\u2019une part la collection de France classique \u00ab Arcachon \u00bb et d\u2019autre part une collection th\u00e9matique tr\u00e8s sp\u00e9cialis\u00e9e sur le th\u00e8me de Christophe Colomb et [&hellip;]\" \/>\n<meta property=\"og:url\" content=\"https:\/\/www.letimbreclassique.com\/de\/vente-aux-encheres-de-printemps-a-geneve\/\" \/>\n<meta property=\"og:site_name\" content=\"Le Timbre Classique\" \/>\n<meta property=\"article:publisher\" content=\"https:\/\/www.linkedin.com\/company\/le-timbre-classique-sa\" \/>\n<meta property=\"article:published_time\" content=\"2021-05-11T09:57:04+00:00\" \/>\n<meta property=\"og:image\" content=\"https:\/\/www.letimbreclassique.com\/wp-content\/uploads\/2021\/05\/Lot4.jpg\" \/>\n\t<meta property=\"og:image:width\" content=\"497\" \/>\n\t<meta property=\"og:image:height\" content=\"305\" \/>\n\t<meta property=\"og:image:type\" content=\"image\/jpeg\" \/>\n<meta name=\"author\" content=\"Fabrice Bac\" \/>\n<meta name=\"twitter:card\" content=\"summary_large_image\" \/>\n<meta name=\"twitter:label1\" content=\"Verfasst von\" \/>\n\t<meta name=\"twitter:data1\" content=\"Fabrice Bac\" \/>\n\t<meta name=\"twitter:label2\" content=\"Gesch\u00e4tzte Lesezeit\" \/>\n\t<meta name=\"twitter:data2\" content=\"2\u00a0Minuten\" \/>\n<script type=\"application\/ld+json\" class=\"yoast-schema-graph\">{\"@context\":\"https:\\\/\\\/schema.org\",\"@graph\":[{\"@type\":\"Article\",\"@id\":\"https:\\\/\\\/www.letimbreclassique.com\\\/de\\\/vente-aux-encheres-de-printemps-a-geneve\\\/#article\",\"isPartOf\":{\"@id\":\"https:\\\/\\\/www.letimbreclassique.com\\\/de\\\/vente-aux-encheres-de-printemps-a-geneve\\\/\"},\"author\":{\"name\":\"Fabrice Bac\",\"@id\":\"https:\\\/\\\/www.letimbreclassique.com\\\/de\\\/#\\\/schema\\\/person\\\/971bae2fb2f2c098b069a1348b4e57c6\"},\"headline\":\"Vente aux ench\u00e8res de printemps \u00e0 Gen\u00e8ve\",\"datePublished\":\"2021-05-11T09:57:04+00:00\",\"mainEntityOfPage\":{\"@id\":\"https:\\\/\\\/www.letimbreclassique.com\\\/de\\\/vente-aux-encheres-de-printemps-a-geneve\\\/\"},\"wordCount\":350,\"commentCount\":0,\"publisher\":{\"@id\":\"https:\\\/\\\/www.letimbreclassique.com\\\/de\\\/#organization\"},\"image\":{\"@id\":\"https:\\\/\\\/www.letimbreclassique.com\\\/de\\\/vente-aux-encheres-de-printemps-a-geneve\\\/#primaryimage\"},\"thumbnailUrl\":\"https:\\\/\\\/www.letimbreclassique.com\\\/wp-content\\\/uploads\\\/2021\\\/05\\\/Lot4.jpg\",\"articleSection\":[\"Unkategorisiert\"],\"inLanguage\":\"de\",\"potentialAction\":[{\"@type\":\"CommentAction\",\"name\":\"Comment\",\"target\":[\"https:\\\/\\\/www.letimbreclassique.com\\\/de\\\/vente-aux-encheres-de-printemps-a-geneve\\\/#respond\"]}]},{\"@type\":\"WebPage\",\"@id\":\"https:\\\/\\\/www.letimbreclassique.com\\\/de\\\/vente-aux-encheres-de-printemps-a-geneve\\\/\",\"url\":\"https:\\\/\\\/www.letimbreclassique.com\\\/de\\\/vente-aux-encheres-de-printemps-a-geneve\\\/\",\"name\":\"Vente aux ench\u00e8res de printemps \u00e0 Gen\u00e8ve - Le Timbre Classique\",\"isPartOf\":{\"@id\":\"https:\\\/\\\/www.letimbreclassique.com\\\/de\\\/#website\"},\"primaryImageOfPage\":{\"@id\":\"https:\\\/\\\/www.letimbreclassique.com\\\/de\\\/vente-aux-encheres-de-printemps-a-geneve\\\/#primaryimage\"},\"image\":{\"@id\":\"https:\\\/\\\/www.letimbreclassique.com\\\/de\\\/vente-aux-encheres-de-printemps-a-geneve\\\/#primaryimage\"},\"thumbnailUrl\":\"https:\\\/\\\/www.letimbreclassique.com\\\/wp-content\\\/uploads\\\/2021\\\/05\\\/Lot4.jpg\",\"datePublished\":\"2021-05-11T09:57:04+00:00\",\"breadcrumb\":{\"@id\":\"https:\\\/\\\/www.letimbreclassique.com\\\/de\\\/vente-aux-encheres-de-printemps-a-geneve\\\/#breadcrumb\"},\"inLanguage\":\"de\",\"potentialAction\":[{\"@type\":\"ReadAction\",\"target\":[\"https:\\\/\\\/www.letimbreclassique.com\\\/de\\\/vente-aux-encheres-de-printemps-a-geneve\\\/\"]}]},{\"@type\":\"ImageObject\",\"inLanguage\":\"de\",\"@id\":\"https:\\\/\\\/www.letimbreclassique.com\\\/de\\\/vente-aux-encheres-de-printemps-a-geneve\\\/#primaryimage\",\"url\":\"https:\\\/\\\/www.letimbreclassique.com\\\/wp-content\\\/uploads\\\/2021\\\/05\\\/Lot4.jpg\",\"contentUrl\":\"https:\\\/\\\/www.letimbreclassique.com\\\/wp-content\\\/uploads\\\/2021\\\/05\\\/Lot4.jpg\",\"width\":497,\"height\":305},{\"@type\":\"BreadcrumbList\",\"@id\":\"https:\\\/\\\/www.letimbreclassique.com\\\/de\\\/vente-aux-encheres-de-printemps-a-geneve\\\/#breadcrumb\",\"itemListElement\":[{\"@type\":\"ListItem\",\"position\":1,\"name\":\"Accueil\",\"item\":\"https:\\\/\\\/www.letimbreclassique.com\\\/de\\\/kaufen\\\/\"},{\"@type\":\"ListItem\",\"position\":2,\"name\":\"Vente aux ench\u00e8res de printemps \u00e0 Gen\u00e8ve\"}]},{\"@type\":\"WebSite\",\"@id\":\"https:\\\/\\\/www.letimbreclassique.com\\\/de\\\/#website\",\"url\":\"https:\\\/\\\/www.letimbreclassique.com\\\/de\\\/\",\"name\":\"Le Timbre Classique\",\"description\":\"Briefmarkenexpertise\",\"publisher\":{\"@id\":\"https:\\\/\\\/www.letimbreclassique.com\\\/de\\\/#organization\"},\"potentialAction\":[{\"@type\":\"SearchAction\",\"target\":{\"@type\":\"EntryPoint\",\"urlTemplate\":\"https:\\\/\\\/www.letimbreclassique.com\\\/de\\\/?s={search_term_string}\"},\"query-input\":{\"@type\":\"PropertyValueSpecification\",\"valueRequired\":true,\"valueName\":\"search_term_string\"}}],\"inLanguage\":\"de\"},{\"@type\":\"Organization\",\"@id\":\"https:\\\/\\\/www.letimbreclassique.com\\\/de\\\/#organization\",\"name\":\"Le Timbre classique\",\"url\":\"https:\\\/\\\/www.letimbreclassique.com\\\/de\\\/\",\"logo\":{\"@type\":\"ImageObject\",\"inLanguage\":\"de\",\"@id\":\"https:\\\/\\\/www.letimbreclassique.com\\\/de\\\/#\\\/schema\\\/logo\\\/image\\\/\",\"url\":\"https:\\\/\\\/www.letimbreclassique.com\\\/wp-content\\\/uploads\\\/2021\\\/07\\\/Logo_LTC-1.png\",\"contentUrl\":\"https:\\\/\\\/www.letimbreclassique.com\\\/wp-content\\\/uploads\\\/2021\\\/07\\\/Logo_LTC-1.png\",\"width\":885,\"height\":88,\"caption\":\"Le Timbre classique\"},\"image\":{\"@id\":\"https:\\\/\\\/www.letimbreclassique.com\\\/de\\\/#\\\/schema\\\/logo\\\/image\\\/\"},\"sameAs\":[\"https:\\\/\\\/www.linkedin.com\\\/company\\\/le-timbre-classique-sa\"]},{\"@type\":\"Person\",\"@id\":\"https:\\\/\\\/www.letimbreclassique.com\\\/de\\\/#\\\/schema\\\/person\\\/971bae2fb2f2c098b069a1348b4e57c6\",\"name\":\"Fabrice Bac\",\"image\":{\"@type\":\"ImageObject\",\"inLanguage\":\"de\",\"@id\":\"https:\\\/\\\/secure.gravatar.com\\\/avatar\\\/828f930e253262a9ff169db571f50067872382863ba5a75d8af83c15b2485704?s=96&d=mm&r=g\",\"url\":\"https:\\\/\\\/secure.gravatar.com\\\/avatar\\\/828f930e253262a9ff169db571f50067872382863ba5a75d8af83c15b2485704?s=96&d=mm&r=g\",\"contentUrl\":\"https:\\\/\\\/secure.gravatar.com\\\/avatar\\\/828f930e253262a9ff169db571f50067872382863ba5a75d8af83c15b2485704?s=96&d=mm&r=g\",\"caption\":\"Fabrice Bac\"},\"url\":\"https:\\\/\\\/www.letimbreclassique.com\\\/de\\\/author\\\/fabrice\\\/\"}]}<\/script>\n<!-- \/ Yoast SEO plugin. -->","yoast_head_json":{"title":"Vente aux ench\u00e8res de printemps \u00e0 Gen\u00e8ve - Le Timbre Classique","robots":{"index":"index","follow":"follow","max-snippet":"max-snippet:-1","max-image-preview":"max-image-preview:large","max-video-preview":"max-video-preview:-1"},"canonical":"https:\/\/www.letimbreclassique.com\/de\/vente-aux-encheres-de-printemps-a-geneve\/","og_locale":"de_DE","og_type":"article","og_title":"Vente aux ench\u00e8res de printemps \u00e0 Gen\u00e8ve - Le Timbre Classique","og_description":"Les 27 et 28 mai aura lieu \u00e0 l\u2019h\u00f4tel Warwick \u00e0 Gen\u00e8ve, notre vente aux ench\u00e8res n\u00b0 2. Cette offre de printemps est constitu\u00e9e principalement de deux collections sp\u00e9cialis\u00e9es ; d\u2019une part la collection de France classique \u00ab Arcachon \u00bb et d\u2019autre part une collection th\u00e9matique tr\u00e8s sp\u00e9cialis\u00e9e sur le th\u00e8me de Christophe Colomb et [&hellip;]","og_url":"https:\/\/www.letimbreclassique.com\/de\/vente-aux-encheres-de-printemps-a-geneve\/","og_site_name":"Le Timbre Classique","article_publisher":"https:\/\/www.linkedin.com\/company\/le-timbre-classique-sa","article_published_time":"2021-05-11T09:57:04+00:00","og_image":[{"width":497,"height":305,"url":"https:\/\/www.letimbreclassique.com\/wp-content\/uploads\/2021\/05\/Lot4.jpg","type":"image\/jpeg"}],"author":"Fabrice Bac","twitter_card":"summary_large_image","twitter_misc":{"Verfasst von":"Fabrice Bac","Gesch\u00e4tzte Lesezeit":"2\u00a0Minuten"},"schema":{"@context":"https:\/\/schema.org","@graph":[{"@type":"Article","@id":"https:\/\/www.letimbreclassique.com\/de\/vente-aux-encheres-de-printemps-a-geneve\/#article","isPartOf":{"@id":"https:\/\/www.letimbreclassique.com\/de\/vente-aux-encheres-de-printemps-a-geneve\/"},"author":{"name":"Fabrice Bac","@id":"https:\/\/www.letimbreclassique.com\/de\/#\/schema\/person\/971bae2fb2f2c098b069a1348b4e57c6"},"headline":"Vente aux ench\u00e8res de printemps \u00e0 Gen\u00e8ve","datePublished":"2021-05-11T09:57:04+00:00","mainEntityOfPage":{"@id":"https:\/\/www.letimbreclassique.com\/de\/vente-aux-encheres-de-printemps-a-geneve\/"},"wordCount":350,"commentCount":0,"publisher":{"@id":"https:\/\/www.letimbreclassique.com\/de\/#organization"},"image":{"@id":"https:\/\/www.letimbreclassique.com\/de\/vente-aux-encheres-de-printemps-a-geneve\/#primaryimage"},"thumbnailUrl":"https:\/\/www.letimbreclassique.com\/wp-content\/uploads\/2021\/05\/Lot4.jpg","articleSection":["Unkategorisiert"],"inLanguage":"de","potentialAction":[{"@type":"CommentAction","name":"Comment","target":["https:\/\/www.letimbreclassique.com\/de\/vente-aux-encheres-de-printemps-a-geneve\/#respond"]}]},{"@type":"WebPage","@id":"https:\/\/www.letimbreclassique.com\/de\/vente-aux-encheres-de-printemps-a-geneve\/","url":"https:\/\/www.letimbreclassique.com\/de\/vente-aux-encheres-de-printemps-a-geneve\/","name":"Vente aux ench\u00e8res de printemps \u00e0 Gen\u00e8ve - Le Timbre Classique","isPartOf":{"@id":"https:\/\/www.letimbreclassique.com\/de\/#website"},"primaryImageOfPage":{"@id":"https:\/\/www.letimbreclassique.com\/de\/vente-aux-encheres-de-printemps-a-geneve\/#primaryimage"},"image":{"@id":"https:\/\/www.letimbreclassique.com\/de\/vente-aux-encheres-de-printemps-a-geneve\/#primaryimage"},"thumbnailUrl":"https:\/\/www.letimbreclassique.com\/wp-content\/uploads\/2021\/05\/Lot4.jpg","datePublished":"2021-05-11T09:57:04+00:00","breadcrumb":{"@id":"https:\/\/www.letimbreclassique.com\/de\/vente-aux-encheres-de-printemps-a-geneve\/#breadcrumb"},"inLanguage":"de","potentialAction":[{"@type":"ReadAction","target":["https:\/\/www.letimbreclassique.com\/de\/vente-aux-encheres-de-printemps-a-geneve\/"]}]},{"@type":"ImageObject","inLanguage":"de","@id":"https:\/\/www.letimbreclassique.com\/de\/vente-aux-encheres-de-printemps-a-geneve\/#primaryimage","url":"https:\/\/www.letimbreclassique.com\/wp-content\/uploads\/2021\/05\/Lot4.jpg","contentUrl":"https:\/\/www.letimbreclassique.com\/wp-content\/uploads\/2021\/05\/Lot4.jpg","width":497,"height":305},{"@type":"BreadcrumbList","@id":"https:\/\/www.letimbreclassique.com\/de\/vente-aux-encheres-de-printemps-a-geneve\/#breadcrumb","itemListElement":[{"@type":"ListItem","position":1,"name":"Accueil","item":"https:\/\/www.letimbreclassique.com\/de\/kaufen\/"},{"@type":"ListItem","position":2,"name":"Vente aux ench\u00e8res de printemps \u00e0 Gen\u00e8ve"}]},{"@type":"WebSite","@id":"https:\/\/www.letimbreclassique.com\/de\/#website","url":"https:\/\/www.letimbreclassique.com\/de\/","name":"Le Timbre Classique","description":"Briefmarkenexpertise","publisher":{"@id":"https:\/\/www.letimbreclassique.com\/de\/#organization"},"potentialAction":[{"@type":"SearchAction","target":{"@type":"EntryPoint","urlTemplate":"https:\/\/www.letimbreclassique.com\/de\/?s={search_term_string}"},"query-input":{"@type":"PropertyValueSpecification","valueRequired":true,"valueName":"search_term_string"}}],"inLanguage":"de"},{"@type":"Organization","@id":"https:\/\/www.letimbreclassique.com\/de\/#organization","name":"Le Timbre classique","url":"https:\/\/www.letimbreclassique.com\/de\/","logo":{"@type":"ImageObject","inLanguage":"de","@id":"https:\/\/www.letimbreclassique.com\/de\/#\/schema\/logo\/image\/","url":"https:\/\/www.letimbreclassique.com\/wp-content\/uploads\/2021\/07\/Logo_LTC-1.png","contentUrl":"https:\/\/www.letimbreclassique.com\/wp-content\/uploads\/2021\/07\/Logo_LTC-1.png","width":885,"height":88,"caption":"Le Timbre classique"},"image":{"@id":"https:\/\/www.letimbreclassique.com\/de\/#\/schema\/logo\/image\/"},"sameAs":["https:\/\/www.linkedin.com\/company\/le-timbre-classique-sa"]},{"@type":"Person","@id":"https:\/\/www.letimbreclassique.com\/de\/#\/schema\/person\/971bae2fb2f2c098b069a1348b4e57c6","name":"Fabrice Bac","image":{"@type":"ImageObject","inLanguage":"de","@id":"https:\/\/secure.gravatar.com\/avatar\/828f930e253262a9ff169db571f50067872382863ba5a75d8af83c15b2485704?s=96&d=mm&r=g","url":"https:\/\/secure.gravatar.com\/avatar\/828f930e253262a9ff169db571f50067872382863ba5a75d8af83c15b2485704?s=96&d=mm&r=g","contentUrl":"https:\/\/secure.gravatar.com\/avatar\/828f930e253262a9ff169db571f50067872382863ba5a75d8af83c15b2485704?s=96&d=mm&r=g","caption":"Fabrice Bac"},"url":"https:\/\/www.letimbreclassique.com\/de\/author\/fabrice\/"}]}},"_links":{"self":[{"href":"https:\/\/www.letimbreclassique.com\/de\/wp-json\/wp\/v2\/posts\/2270","targetHints":{"allow":["GET"]}}],"collection":[{"href":"https:\/\/www.letimbreclassique.com\/de\/wp-json\/wp\/v2\/posts"}],"about":[{"href":"https:\/\/www.letimbreclassique.com\/de\/wp-json\/wp\/v2\/types\/post"}],"author":[{"embeddable":true,"href":"https:\/\/www.letimbreclassique.com\/de\/wp-json\/wp\/v2\/users\/2"}],"replies":[{"embeddable":true,"href":"https:\/\/www.letimbreclassique.com\/de\/wp-json\/wp\/v2\/comments?post=2270"}],"version-history":[{"count":1,"href":"https:\/\/www.letimbreclassique.com\/de\/wp-json\/wp\/v2\/posts\/2270\/revisions"}],"predecessor-version":[{"id":2271,"href":"https:\/\/www.letimbreclassique.com\/de\/wp-json\/wp\/v2\/posts\/2270\/revisions\/2271"}],"wp:featuredmedia":[{"embeddable":true,"href":"https:\/\/www.letimbreclassique.com\/de\/wp-json\/wp\/v2\/media\/2259"}],"wp:attachment":[{"href":"https:\/\/www.letimbreclassique.com\/de\/wp-json\/wp\/v2\/media?parent=2270"}],"wp:term":[{"taxonomy":"category","embeddable":true,"href":"https:\/\/www.letimbreclassique.com\/de\/wp-json\/wp\/v2\/categories?post=2270"},{"taxonomy":"post_tag","embeddable":true,"href":"https:\/\/www.letimbreclassique.com\/de\/wp-json\/wp\/v2\/tags?post=2270"}],"curies":[{"name":"wp","href":"https:\/\/api.w.org\/{rel}","templated":true}]}}